{"id":636,"date":"2024-11-28T16:25:01","date_gmt":"2024-11-28T15:25:01","guid":{"rendered":"http:\/\/greenseas.fr\/?p=636"},"modified":"2024-12-11T09:21:55","modified_gmt":"2024-12-11T08:21:55","slug":"seminaire-annuel-greenseas-2025","status":"publish","type":"post","link":"http:\/\/greenseas.fr\/index.php\/2024\/11\/28\/seminaire-annuel-greenseas-2025\/","title":{"rendered":"S\u00e9minaire annuel Greenseas 2025"},"content":{"rendered":"\n<p class=\"has-black-color has-text-color has-link-color wp-elements-758c4474e13d0693506cbe3625455b4d\" style=\"font-size:15px\">Le s\u00e9minaire annuel de Greenseas est l&rsquo;occasion pour le consortium de se r\u00e9unir pour partager les avanc\u00e9es du projet, et \u00e9changer sur les r\u00e9sultats. Il aura lieu cette ann\u00e9e dans les locaux du Parc Naturel R\u00e9gional d&rsquo;Armorique, situ\u00e9s au Faou, dans le Finist\u00e8re.<\/p>\n\n\n\n<p class=\"has-black-color has-text-color has-link-color wp-elements-2fc31796c2bed3c55c3d3de177c065b6\" style=\"font-size:15px\">Le s\u00e9minaire se d\u00e9roulera sur quatre demies-journ\u00e9es entre le 5 et le 7 mars 2025. Le programme du s\u00e9minaire sera partag\u00e9 ult\u00e9rieurement.<\/p>\n","protected":false},"excerpt":{"rendered":"<p>Le s\u00e9minaire annuel de Greenseas est l&rsquo;occasion pour le consortium de se r\u00e9unir pour partager les avanc\u00e9es du projet, et \u00e9changer sur les r\u00e9sultats. Il aura lieu cette ann\u00e9e dans les locaux du Parc Naturel R\u00e9gional d&rsquo;Armorique, situ\u00e9s au Faou, dans le Finist\u00e8re. Le s\u00e9minaire se d\u00e9roulera sur quatre demies-journ\u00e9es entre le 5 et le [&hellip;]<\/p>\n","protected":false},"author":27,"featured_media":0,"comment_status":"closed","ping_status":"open","sticky":false,"template":"","format":"standard","meta":{"_acf_changed":false,"footnotes":""},"categories":[22,23,3],"tags":[],"class_list":["post-636","post","type-post","status-publish","format-standard","hentry","category-douarnenez","category-echelle-regionale","category-evenements"],"acf":[],"_links":{"self":[{"href":"http:\/\/greenseas.fr\/index.php\/wp-json\/wp\/v2\/posts\/636","targetHints":{"allow":["GET"]}}],"collection":[{"href":"http:\/\/greenseas.fr\/index.php\/wp-json\/wp\/v2\/posts"}],"about":[{"href":"http:\/\/greenseas.fr\/index.php\/wp-json\/wp\/v2\/types\/post"}],"author":[{"embeddable":true,"href":"http:\/\/greenseas.fr\/index.php\/wp-json\/wp\/v2\/users\/27"}],"replies":[{"embeddable":true,"href":"http:\/\/greenseas.fr\/index.php\/wp-json\/wp\/v2\/comments?post=636"}],"version-history":[{"count":1,"href":"http:\/\/greenseas.fr\/index.php\/wp-json\/wp\/v2\/posts\/636\/revisions"}],"predecessor-version":[{"id":637,"href":"http:\/\/greenseas.fr\/index.php\/wp-json\/wp\/v2\/posts\/636\/revisions\/637"}],"wp:attachment":[{"href":"http:\/\/greenseas.fr\/index.php\/wp-json\/wp\/v2\/media?parent=636"}],"wp:term":[{"taxonomy":"category","embeddable":true,"href":"http:\/\/greenseas.fr\/index.php\/wp-json\/wp\/v2\/categories?post=636"},{"taxonomy":"post_tag","embeddable":true,"href":"http:\/\/greenseas.fr\/index.php\/wp-json\/wp\/v2\/tags?post=636"}],"curies":[{"name":"wp","href":"https:\/\/api.w.org\/{rel}","templated":true}]}}