{"id":640,"date":"2025-01-06T09:16:00","date_gmt":"2025-01-06T08:16:00","guid":{"rendered":"http:\/\/greenseas.fr\/?p=640"},"modified":"2025-01-07T15:05:29","modified_gmt":"2025-01-07T14:05:29","slug":"nouvel-arrivant-jean-francois-dewals","status":"publish","type":"post","link":"http:\/\/greenseas.fr\/index.php\/2025\/01\/06\/nouvel-arrivant-jean-francois-dewals\/","title":{"rendered":"Nouvel arrivant : Jean-Fran\u00e7ois Dewals"},"content":{"rendered":"\n<p class=\"has-black-color has-text-color has-link-color wp-elements-da113c30a141eaa0d16a685f2aadf552\" style=\"font-size:15px\">Bonjour tout le monde,<\/p>\n\n\n\n<p class=\"has-black-color has-text-color has-link-color wp-elements-afb6cb7e4d00874e3a3de108d9d5d145\" style=\"font-size:15px\">Me voil\u00e0 tr\u00e8s heureux de rejoindre les \u00e9quipes de GreenSeas pour une toute nouvelle aventure. &nbsp;Je m\u2019appelle Jean-Fran\u00e7ois Dewals, docteur en sciences \u00e9conomiques de formation. Durant ma th\u00e8se, je me suis int\u00e9ress\u00e9 \u00e0 la place des produits de la mer pour une transition durable de nos syst\u00e8mes alimentaires, avec une attention particuli\u00e8re autour de la th\u00e9matique de la labellisation. Mes recherches actuelles se situent \u00e0 l\u2019interface entre \u00e9conomie de l\u2019environnement, \u00e9conomie de la consommation, micro\u00e9conomie et recommandation de politiques publiques afin de guider les citoyens vers des comportements de consommation plus vertueux.<\/p>\n\n\n\n<p class=\"has-black-color has-text-color has-link-color wp-elements-724d75568db2d99bb181aec6cca897c1\" style=\"font-size:15px\">En ce qui concerne GreenSeas, j\u2019ai le plaisir de rejoindre le WP4 qui s\u2019int\u00e9resse \u00e0 \u00ab&nbsp;<em>Identifier les propri\u00e9t\u00e9s \u00e9mergentes du socio-\u00e9cosyst\u00e8me et p\u00e9riodiser son fonctionnement<\/em><strong>&nbsp;\u00bb. <\/strong>Mon objectif premier sera d\u2019\u00e9tudier les <strong>cadres conceptuels<\/strong> d\u00e9velopp\u00e9s dans la litt\u00e9rature scientifique qui s\u2019int\u00e9ressent aux socio \u00e9cosyst\u00e8mes (SES) soumis \u00e0 externalit\u00e9. Dans un second, je chercherai \u00e0 comprendre dans quelle mesure ces cadres conceptuels peuvent \u00eatre adapt\u00e9s au cas g\u00e9n\u00e9ral des SES c\u00f4tiers, puis au cas plus sp\u00e9cifique de l\u2019eutrophisation du littoral breton afin d\u2019en proposer une repr\u00e9sentation aussi exhaustive et holistique que possible.<\/p>\n\n\n\n<p class=\"has-black-color has-text-color has-link-color wp-elements-5dfbf0a15e29a1deea53b0f25d6f736e\" style=\"font-size:15px\">Vous pouvez me contacter \u00e0 l\u2019adresse mail suivante&nbsp;: <a href=\"mailto:jean-francois.dewals@univ-brest.fr\">jean-francois.dewals@univ-brest.fr<\/a><\/p>\n\n\n\n<p class=\"has-black-color has-text-color has-link-color wp-elements-36656c12d2f758d2c168a662d59cd4b0\" style=\"font-size:15px\">Jean-Fran\u00e7ois DEWALS<\/p>\n\n\n\n<p><\/p>\n","protected":false},"excerpt":{"rendered":"<p>Bonjour tout le monde, Me voil\u00e0 tr\u00e8s heureux de rejoindre les \u00e9quipes de GreenSeas pour une toute nouvelle aventure. &nbsp;Je m\u2019appelle Jean-Fran\u00e7ois Dewals, docteur en sciences \u00e9conomiques de formation. Durant ma th\u00e8se, je me suis int\u00e9ress\u00e9 \u00e0 la place des produits de la mer pour une transition durable de nos syst\u00e8mes alimentaires, avec une attention [&hellip;]<\/p>\n","protected":false},"author":27,"featured_media":643,"comment_status":"closed","ping_status":"open","sticky":false,"template":"","format":"standard","meta":{"_acf_changed":false,"footnotes":""},"categories":[15,21],"tags":[],"class_list":["post-640","post","type-post","status-publish","format-standard","has-post-thumbnail","hentry","category-recrutements","category-volet-4"],"acf":[],"_links":{"self":[{"href":"http:\/\/greenseas.fr\/index.php\/wp-json\/wp\/v2\/posts\/640","targetHints":{"allow":["GET"]}}],"collection":[{"href":"http:\/\/greenseas.fr\/index.php\/wp-json\/wp\/v2\/posts"}],"about":[{"href":"http:\/\/greenseas.fr\/index.php\/wp-json\/wp\/v2\/types\/post"}],"author":[{"embeddable":true,"href":"http:\/\/greenseas.fr\/index.php\/wp-json\/wp\/v2\/users\/27"}],"replies":[{"embeddable":true,"href":"http:\/\/greenseas.fr\/index.php\/wp-json\/wp\/v2\/comments?post=640"}],"version-history":[{"count":2,"href":"http:\/\/greenseas.fr\/index.php\/wp-json\/wp\/v2\/posts\/640\/revisions"}],"predecessor-version":[{"id":644,"href":"http:\/\/greenseas.fr\/index.php\/wp-json\/wp\/v2\/posts\/640\/revisions\/644"}],"wp:featuredmedia":[{"embeddable":true,"href":"http:\/\/greenseas.fr\/index.php\/wp-json\/wp\/v2\/media\/643"}],"wp:attachment":[{"href":"http:\/\/greenseas.fr\/index.php\/wp-json\/wp\/v2\/media?parent=640"}],"wp:term":[{"taxonomy":"category","embeddable":true,"href":"http:\/\/greenseas.fr\/index.php\/wp-json\/wp\/v2\/categories?post=640"},{"taxonomy":"post_tag","embeddable":true,"href":"http:\/\/greenseas.fr\/index.php\/wp-json\/wp\/v2\/tags?post=640"}],"curies":[{"name":"wp","href":"https:\/\/api.w.org\/{rel}","templated":true}]}}