{"id":732,"date":"2024-12-23T11:44:53","date_gmt":"2024-12-23T10:44:53","guid":{"rendered":"http:\/\/greenseas.fr\/?p=732"},"modified":"2024-12-23T11:49:00","modified_gmt":"2024-12-23T10:49:00","slug":"les-chercheur-es-de-greenseas-interviennent-aupres-des-universites-du-temps-libre","status":"publish","type":"post","link":"http:\/\/greenseas.fr\/index.php\/2024\/12\/23\/les-chercheur-es-de-greenseas-interviennent-aupres-des-universites-du-temps-libre\/","title":{"rendered":"Les chercheur.es de GreenSeas interviennent aupr\u00e8s des Universit\u00e9s du Temps Libre!"},"content":{"rendered":"\n<pre class=\"wp-block-preformatted has-small-font-size\">Le public de la conf\u00e9rence \"Les mar\u00e9es vertes, du ph\u00e9nom\u00e8ne \u00e9cologique aux conflits : quelles gestions, quelles transitions ?\", UTL Landerneau, 28 mars 2023<\/pre>\n\n\n\n<p>Les <a href=\"https:\/\/www.utlta-bretagne.bzh\/presentation\/lutl-de-bretagne\">Universit\u00e9s du Temps Libre (UTL) de Bretagne<\/a> regroupent plus de 22000 adh\u00e9rent.es, r\u00e9parti.es sur 48 sites. Un maillage exceptionnel, qui vise \u00e0 favoriser l&rsquo;acc\u00e8s \u00e0 la culture, notamment scientifique, de toutes celles et ceux qui \u00ab\u00a0ont du temps libre\u00a0\u00bb, c&rsquo;est-\u00e0-dire en g\u00e9n\u00e9ral sont retrait\u00e9.es, mais pas que!<\/p>\n\n\n\n<p>Depuis quelques ann\u00e9es, depuis l&rsquo;initiative prise par notre coll\u00e8gue agronome Fran\u00e7oise Vert\u00e8s (INRAE &#8211; UMR SAS), aujourd&rsquo;hui retrait\u00e9e, l&rsquo;\u00e9quipe scientifique de GreenSeas intervient aupr\u00e8s des nombreuses UTL que le sujet des mar\u00e9es vertes int\u00e9resse. C&rsquo;est \u00e0 chaque fois l&rsquo;occasion de mesurer \u00e0 quel point les adh\u00e9rent.es s&rsquo;interrogent, se documentent, s&rsquo;inqui\u00e8tent aussi de la persistance du ph\u00e9nom\u00e8ne et des difficult\u00e9s \u00e0 en venir \u00e0 bout. L&rsquo;occasion, aussi, de rencontres avec des \u00e9lu.es, des agriculteur.rices, des b\u00e9n\u00e9voles, des t\u00e9moins, qui partagent des exp\u00e9riences et des r\u00e9flexions sur l&rsquo;histoire environnementale de la r\u00e9gion d&rsquo;une valeur inestimable pour la recherche publique.<\/p>\n\n\n\n<p>A ce jour, ce sont <strong>plus de 1600 personnes<\/strong> qui ont assist\u00e9 aux conf\u00e9rences et particip\u00e9 aux \u00e9changes toujours riches, et souvent tr\u00e8s pointus, qui les accompagnaient. Apr\u00e8s Quimper, Concarneau, Landerneau, Brest, Douarnenez, c&rsquo;est avec les adh\u00e9rent.es de <a href=\"https:\/\/www.utlmauron.fr\/conferences\/les-marees-vertes-03032025-14h00\">l&rsquo;UTL Mauron<\/a>, pour la premi\u00e8re fois dans le Morbihan et en Centre Bretagne, que Val\u00e9rie Viaud (INRAE) et Alix Levain (CNRS) interagiront le 3 mars 2025.<\/p>\n\n\n\n<figure class=\"wp-block-image size-large\"><img loading=\"lazy\" decoding=\"async\" width=\"1024\" height=\"576\" src=\"http:\/\/greenseas.fr\/wp-content\/uploads\/2024\/12\/20240321_163511-1024x576.png\" alt=\"Val\u00e9rie Viaud et Alix Levain interviennent \u00e0 l'invitation de l'UTL de Douarnenez, le 21 mars 2024, au cin\u00e9ma Le Club\" class=\"wp-image-735\" srcset=\"http:\/\/greenseas.fr\/wp-content\/uploads\/2024\/12\/20240321_163511-1024x576.png 1024w, http:\/\/greenseas.fr\/wp-content\/uploads\/2024\/12\/20240321_163511-300x169.png 300w, http:\/\/greenseas.fr\/wp-content\/uploads\/2024\/12\/20240321_163511-768x432.png 768w, http:\/\/greenseas.fr\/wp-content\/uploads\/2024\/12\/20240321_163511.png 1280w\" sizes=\"auto, (max-width: 1024px) 100vw, 1024px\" \/><\/figure>\n\n\n\n<p class=\"has-text-align-center has-small-font-size\">Val\u00e9rie Viaud et Alix Levain interviennent \u00e0 l&rsquo;invitation de l&rsquo;UTL de Douarnenez, le 21 mars 2024, au cin\u00e9ma Le Club<\/p>\n\n\n\n<p><\/p>\n","protected":false},"excerpt":{"rendered":"<p>Le public de la conf\u00e9rence \u00ab\u00a0Les mar\u00e9es vertes, du ph\u00e9nom\u00e8ne \u00e9cologique aux conflits : quelles gestions, quelles transitions ?\u00a0\u00bb, UTL Landerneau, 28 mars 2023 Les Universit\u00e9s du Temps Libre (UTL) de Bretagne regroupent plus de 22000 adh\u00e9rent.es, r\u00e9parti.es sur 48 sites. Un maillage exceptionnel, qui vise \u00e0 favoriser l&rsquo;acc\u00e8s \u00e0 la culture, notamment scientifique, de [&hellip;]<\/p>\n","protected":false},"author":27,"featured_media":733,"comment_status":"closed","ping_status":"open","sticky":false,"template":"","format":"standard","meta":{"_acf_changed":false,"footnotes":""},"categories":[1],"tags":[26,27],"class_list":["post-732","post","type-post","status-publish","format-standard","has-post-thumbnail","hentry","category-non-classe","tag-popularisation","tag-volet-5"],"acf":[],"_links":{"self":[{"href":"http:\/\/greenseas.fr\/index.php\/wp-json\/wp\/v2\/posts\/732","targetHints":{"allow":["GET"]}}],"collection":[{"href":"http:\/\/greenseas.fr\/index.php\/wp-json\/wp\/v2\/posts"}],"about":[{"href":"http:\/\/greenseas.fr\/index.php\/wp-json\/wp\/v2\/types\/post"}],"author":[{"embeddable":true,"href":"http:\/\/greenseas.fr\/index.php\/wp-json\/wp\/v2\/users\/27"}],"replies":[{"embeddable":true,"href":"http:\/\/greenseas.fr\/index.php\/wp-json\/wp\/v2\/comments?post=732"}],"version-history":[{"count":9,"href":"http:\/\/greenseas.fr\/index.php\/wp-json\/wp\/v2\/posts\/732\/revisions"}],"predecessor-version":[{"id":744,"href":"http:\/\/greenseas.fr\/index.php\/wp-json\/wp\/v2\/posts\/732\/revisions\/744"}],"wp:featuredmedia":[{"embeddable":true,"href":"http:\/\/greenseas.fr\/index.php\/wp-json\/wp\/v2\/media\/733"}],"wp:attachment":[{"href":"http:\/\/greenseas.fr\/index.php\/wp-json\/wp\/v2\/media?parent=732"}],"wp:term":[{"taxonomy":"category","embeddable":true,"href":"http:\/\/greenseas.fr\/index.php\/wp-json\/wp\/v2\/categories?post=732"},{"taxonomy":"post_tag","embeddable":true,"href":"http:\/\/greenseas.fr\/index.php\/wp-json\/wp\/v2\/tags?post=732"}],"curies":[{"name":"wp","href":"https:\/\/api.w.org\/{rel}","templated":true}]}}