{"id":822,"date":"2025-04-04T16:40:57","date_gmt":"2025-04-04T14:40:57","guid":{"rendered":"http:\/\/greenseas.fr\/?p=822"},"modified":"2025-04-04T16:41:58","modified_gmt":"2025-04-04T14:41:58","slug":"seminaire-annuel-du-projet-2-jours-dintenses-echanges","status":"publish","type":"post","link":"http:\/\/greenseas.fr\/index.php\/2025\/04\/04\/seminaire-annuel-du-projet-2-jours-dintenses-echanges\/","title":{"rendered":"S\u00e9minaire annuel du projet : 2 jours d&rsquo;intenses \u00e9changes !"},"content":{"rendered":"\n<p class=\"has-black-color has-text-color has-link-color wp-elements-4ddad7baccaabd26819bfe8feddddc61\" style=\"font-size:14px\">Le s\u00e9minaire annuel du projet GreenSeas s&rsquo;est d\u00e9roul\u00e9 du 5 au 7 mars dans les locaux du Parc Naturel R\u00e9gional d&rsquo;Armorique. Merci aux agent.es du parc pour leur accueil ! Ce temps fort marque l&rsquo;entr\u00e9e dans la deuxi\u00e8me moiti\u00e9 du temps du projet.<\/p>\n\n\n\n<p class=\"has-black-color has-text-color has-link-color wp-elements-88e8e56d47a309e9be7330ab27a59a53\" style=\"font-size:14px\">Au cours de la premi\u00e8re demi-journ\u00e9e, nous avons principalement \u00e9chang\u00e9 autour de la coordination du projet : quelles ont \u00e9t\u00e9 les actions saillantes du projet la derni\u00e8re ann\u00e9e ? Quelles sont les actions que nous souhaitons entreprendre pour partager les r\u00e9sultats de cette recherche avec la communaut\u00e9 acad\u00e9mique et en-dehors ? Elles s&rsquo;est termin\u00e9e par la pr\u00e9sentation des r\u00e9sultats de la th\u00e8se de Alban Landr\u00e9, et du contrat \u00e0 venir de Ga\u00eblle Troadec.<\/p>\n\n\n\n<p class=\"has-black-color has-text-color has-link-color wp-elements-feda2f9fe918032c72de1a4eaaf94f32\" style=\"font-size:14px\">Le deuxi\u00e8me jour est d\u00e9di\u00e9 plus sp\u00e9cifiquement \u00e0 la pr\u00e9sentation des r\u00e9sultats des diff\u00e9rents volets de recherche du projet. Les pr\u00e9sentations s&rsquo;enchainent, montrant toute la diversit\u00e9 et la richesse des travaux men\u00e9s dans le projet. Un temps fort est le moment d\u00e9di\u00e9 \u00e0 l&rsquo;expression des partenaires non-acad\u00e9miques du projet. Soazic Dhorne (APPCB), ainsi qu&rsquo;Alida Boishus (EPAB) et Ga\u00eblle Vigouroux (pr\u00e9sidente de la CLE du SAGE de la Baie de Douarnenez) nous pr\u00e9sentent les actualit\u00e9s de leurs structures et les liens \u00e9ventuels de ces activit\u00e9s avec le projet. Deux autres temps d&rsquo;\u00e9change permettent de mettre en perspective les travaux du projet avec d&rsquo;autres actions men\u00e9es sur le territoire, et de tisser des perspectives de travail en commun : la pr\u00e9sentation des actions du Parc Naturel R\u00e9gional d&rsquo;Armorique, et du travail de l&rsquo;artiste C\u00e9cile Borne. Cette journ\u00e9e se cl\u00f4ture par la visite, accompagn\u00e9e des \u00e9quipes du Parc, des actions men\u00e9es autour de la rivi\u00e8re du Faou : protection de la colonie de Grands rhinolophes, lutte contre le d\u00e9veloppement de la spartine, etc.<\/p>\n\n\n\n<p class=\"has-black-color has-text-color has-link-color wp-elements-1e8100b76c5de70ec591bf6436da85ef\" style=\"font-size:14px\">Pour la derni\u00e8re demi-journ\u00e9e, le s\u00e9minaire prend la forme d&rsquo;un atelier collectif autour d&rsquo;un projet de livre intitul\u00e9 \u00ab\u00a0Depuis la Baie\u00a0\u00bb. L&rsquo;objectif est que chaque personne impliqu\u00e9e dans le projet, scientifique ou non, puisse contribuer \u00e0 cet ouvrage aux c\u00f4t\u00e9s de t\u00e9moignages d&rsquo;habitant.es de la baie de Douarnenez.<\/p>\n\n\n\n<p class=\"has-black-color has-text-color has-link-color wp-elements-95f62c691ba99d8d15e3bf3aab90641e\" style=\"font-size:14px\">Entre 20 et 30 participant.es du projet auront \u00e9chang\u00e9 au cours de ces journ\u00e9es. Vivement l&rsquo;ann\u00e9e prochaine !<\/p>\n\n\n\n<p class=\"has-black-color has-text-color has-link-color wp-elements-7b0e24eca629478e60fd65c011ac2f77\" style=\"font-size:14px\">Vous trouverez ci-dessous quelques photos et le programme d\u00e9taill\u00e9 du s\u00e9minaire.<\/p>\n\n\n\n<figure class=\"wp-block-gallery has-nested-images columns-default is-cropped wp-block-gallery-1 is-layout-flex wp-block-gallery-is-layout-flex\">\n<figure class=\"wp-block-image size-large\"><img loading=\"lazy\" decoding=\"async\" width=\"1024\" height=\"768\" data-id=\"828\" src=\"http:\/\/greenseas.fr\/wp-content\/uploads\/2025\/04\/P1050210-min-1024x768.jpg\" alt=\"\" class=\"wp-image-828\" srcset=\"http:\/\/greenseas.fr\/wp-content\/uploads\/2025\/04\/P1050210-min-1024x768.jpg 1024w, http:\/\/greenseas.fr\/wp-content\/uploads\/2025\/04\/P1050210-min-300x225.jpg 300w, http:\/\/greenseas.fr\/wp-content\/uploads\/2025\/04\/P1050210-min-768x576.jpg 768w, http:\/\/greenseas.fr\/wp-content\/uploads\/2025\/04\/P1050210-min-1536x1152.jpg 1536w, http:\/\/greenseas.fr\/wp-content\/uploads\/2025\/04\/P1050210-min-2048x1536.jpg 2048w\" sizes=\"auto, (max-width: 1024px) 100vw, 1024px\" \/><\/figure>\n\n\n\n<figure class=\"wp-block-image size-large\"><img loading=\"lazy\" decoding=\"async\" width=\"1024\" height=\"768\" data-id=\"826\" src=\"http:\/\/greenseas.fr\/wp-content\/uploads\/2025\/04\/P1050211-min-1024x768.jpg\" alt=\"\" class=\"wp-image-826\" srcset=\"http:\/\/greenseas.fr\/wp-content\/uploads\/2025\/04\/P1050211-min-1024x768.jpg 1024w, http:\/\/greenseas.fr\/wp-content\/uploads\/2025\/04\/P1050211-min-300x225.jpg 300w, http:\/\/greenseas.fr\/wp-content\/uploads\/2025\/04\/P1050211-min-768x576.jpg 768w, http:\/\/greenseas.fr\/wp-content\/uploads\/2025\/04\/P1050211-min-1536x1152.jpg 1536w, http:\/\/greenseas.fr\/wp-content\/uploads\/2025\/04\/P1050211-min-2048x1536.jpg 2048w\" sizes=\"auto, (max-width: 1024px) 100vw, 1024px\" \/><\/figure>\n\n\n\n<figure class=\"wp-block-image size-large\"><img loading=\"lazy\" decoding=\"async\" width=\"1024\" height=\"768\" data-id=\"825\" src=\"http:\/\/greenseas.fr\/wp-content\/uploads\/2025\/04\/P1050212-min-1024x768.jpg\" alt=\"\" class=\"wp-image-825\" srcset=\"http:\/\/greenseas.fr\/wp-content\/uploads\/2025\/04\/P1050212-min-1024x768.jpg 1024w, http:\/\/greenseas.fr\/wp-content\/uploads\/2025\/04\/P1050212-min-300x225.jpg 300w, http:\/\/greenseas.fr\/wp-content\/uploads\/2025\/04\/P1050212-min-768x576.jpg 768w, http:\/\/greenseas.fr\/wp-content\/uploads\/2025\/04\/P1050212-min-1536x1152.jpg 1536w, http:\/\/greenseas.fr\/wp-content\/uploads\/2025\/04\/P1050212-min-2048x1536.jpg 2048w\" sizes=\"auto, (max-width: 1024px) 100vw, 1024px\" \/><\/figure>\n<\/figure>\n\n\n\n<div data-wp-interactive=\"core\/file\" class=\"wp-block-file\"><object data-wp-bind--hidden=\"!state.hasPdfPreview\" hidden class=\"wp-block-file__embed\" data=\"http:\/\/greenseas.fr\/wp-content\/uploads\/2025\/01\/Programme-du-seminaire-annuel-GreenseasV3.pdf\" type=\"application\/pdf\" style=\"width:100%;height:600px\" aria-label=\"Contenu embarqu\u00e9 Programme du s\u00e9minaire annuel GreenseasV3.\"><\/object><a id=\"wp-block-file--media-59d2fc0c-cb9b-4005-b7c7-673291eab36f\" href=\"http:\/\/greenseas.fr\/wp-content\/uploads\/2025\/01\/Programme-du-seminaire-annuel-GreenseasV3.pdf\">Programme du s\u00e9minaire annuel GreenseasV3<\/a><a href=\"http:\/\/greenseas.fr\/wp-content\/uploads\/2025\/01\/Programme-du-seminaire-annuel-GreenseasV3.pdf\" class=\"wp-block-file__button wp-element-button\" download aria-describedby=\"wp-block-file--media-59d2fc0c-cb9b-4005-b7c7-673291eab36f\">T\u00e9l\u00e9charger<\/a><\/div>\n","protected":false},"excerpt":{"rendered":"<p>Le s\u00e9minaire annuel du projet GreenSeas s&rsquo;est d\u00e9roul\u00e9 du 5 au 7 mars dans les locaux du Parc Naturel R\u00e9gional d&rsquo;Armorique. Merci aux agent.es du parc pour leur accueil ! Ce temps fort marque l&rsquo;entr\u00e9e dans la deuxi\u00e8me moiti\u00e9 du temps du projet. Au cours de la premi\u00e8re demi-journ\u00e9e, nous avons principalement \u00e9chang\u00e9 autour de [&hellip;]<\/p>\n","protected":false},"author":27,"featured_media":827,"comment_status":"closed","ping_status":"open","sticky":false,"template":"","format":"standard","meta":{"_acf_changed":false,"footnotes":""},"categories":[22,23,3,19,20,18,21],"tags":[],"class_list":["post-822","post","type-post","status-publish","format-standard","has-post-thumbnail","hentry","category-douarnenez","category-echelle-regionale","category-evenements","category-volet-1","category-volet-2","category-volet-3","category-volet-4"],"acf":[],"_links":{"self":[{"href":"http:\/\/greenseas.fr\/index.php\/wp-json\/wp\/v2\/posts\/822","targetHints":{"allow":["GET"]}}],"collection":[{"href":"http:\/\/greenseas.fr\/index.php\/wp-json\/wp\/v2\/posts"}],"about":[{"href":"http:\/\/greenseas.fr\/index.php\/wp-json\/wp\/v2\/types\/post"}],"author":[{"embeddable":true,"href":"http:\/\/greenseas.fr\/index.php\/wp-json\/wp\/v2\/users\/27"}],"replies":[{"embeddable":true,"href":"http:\/\/greenseas.fr\/index.php\/wp-json\/wp\/v2\/comments?post=822"}],"version-history":[{"count":2,"href":"http:\/\/greenseas.fr\/index.php\/wp-json\/wp\/v2\/posts\/822\/revisions"}],"predecessor-version":[{"id":830,"href":"http:\/\/greenseas.fr\/index.php\/wp-json\/wp\/v2\/posts\/822\/revisions\/830"}],"wp:featuredmedia":[{"embeddable":true,"href":"http:\/\/greenseas.fr\/index.php\/wp-json\/wp\/v2\/media\/827"}],"wp:attachment":[{"href":"http:\/\/greenseas.fr\/index.php\/wp-json\/wp\/v2\/media?parent=822"}],"wp:term":[{"taxonomy":"category","embeddable":true,"href":"http:\/\/greenseas.fr\/index.php\/wp-json\/wp\/v2\/categories?post=822"},{"taxonomy":"post_tag","embeddable":true,"href":"http:\/\/greenseas.fr\/index.php\/wp-json\/wp\/v2\/tags?post=822"}],"curies":[{"name":"wp","href":"https:\/\/api.w.org\/{rel}","templated":true}]}}