{"id":872,"date":"2025-07-28T08:53:10","date_gmt":"2025-07-28T06:53:10","guid":{"rendered":"http:\/\/greenseas.fr\/?p=872"},"modified":"2025-11-04T12:41:13","modified_gmt":"2025-11-04T11:41:13","slug":"que-percoivent-les-pratiquants-dactivites-sportives-ou-recreatives-littorales-de-leutrophisation","status":"publish","type":"post","link":"http:\/\/greenseas.fr\/index.php\/2025\/07\/28\/que-percoivent-les-pratiquants-dactivites-sportives-ou-recreatives-littorales-de-leutrophisation\/","title":{"rendered":"Que per\u00e7oivent les pratiquants d\u2019activit\u00e9s sportives ou r\u00e9cr\u00e9atives littorales de l\u2019eutrophisation\u00a0?"},"content":{"rendered":"\n<p class=\"has-text-align-left has-black-color has-text-color has-link-color wp-elements-2d5488a3ad4124821c73b054311bf674\" style=\"font-size:14px\">Afin de r\u00e9pondre \u00e0 l\u2019enqu\u00eate qualitative \u00ab<strong> Questionner les pratiques et les r\u00e9cits des usagers du littoral s\u2019adonnant \u00e0 une activit\u00e9 physique, sportive ou r\u00e9cr\u00e9ative dans des espaces atteints par l\u2019eutrophisation \u00bb<\/strong>, 36 observations de terrain ont eu lieu sur les sites de la Lieue de Gr\u00e8ve, de Guiss\u00e9ny, de Brest, de Douarnenez et de la For\u00eat-Fouesnant. S\u2019y ajoutent 13 entretiens semi-directifs, men\u00e9s aupr\u00e8s de diff\u00e9rents pratiquants, professionnels du secteur nautique et membres d\u2019associations de d\u00e9fense de l\u2019environnement.<br><\/p>\n\n\n\n<p class=\"has-text-align-left has-black-color has-text-color has-link-color wp-elements-779141b60c8abbc0d636cba8842c4920\" style=\"font-size:14px\">Il <strong>ressort de l\u2019\u00e9tude que la position socio-spatiale joue un r\u00f4le central dans la perception de l\u2019eutrophisation<\/strong>. Cette notion permet d\u2019articuler les logiques sociales et spatiales dans la compr\u00e9hension des pratiques sportives de nature. Plus pr\u00e9cis\u00e9ment, elle donne \u00e0 voir la fa\u00e7on dont les pratiquants de sports nautiques et littoraux per\u00e7oivent les ph\u00e9nom\u00e8nes d\u2019eutrophisation. Autrement dit, <strong>touch\u00e9 par les mar\u00e9es vertes, l\u2019espace de pratique est per\u00e7u diff\u00e9remment selon les activit\u00e9s et pour des raisons socio-\u00e9conomiques, socio-culturelles, \u00e9cologiques, politiques ou symboliques.<\/strong> <\/p>\n\n\n\n<figure class=\"wp-block-image size-large\"><img loading=\"lazy\" decoding=\"async\" width=\"1024\" height=\"768\" src=\"http:\/\/greenseas.fr\/wp-content\/uploads\/2025\/07\/char-voile-plestin-algues-vertes-1024x768.jpg\" alt=\"\" class=\"wp-image-873\" srcset=\"http:\/\/greenseas.fr\/wp-content\/uploads\/2025\/07\/char-voile-plestin-algues-vertes-1024x768.jpg 1024w, http:\/\/greenseas.fr\/wp-content\/uploads\/2025\/07\/char-voile-plestin-algues-vertes-300x225.jpg 300w, http:\/\/greenseas.fr\/wp-content\/uploads\/2025\/07\/char-voile-plestin-algues-vertes-768x576.jpg 768w, http:\/\/greenseas.fr\/wp-content\/uploads\/2025\/07\/char-voile-plestin-algues-vertes-1536x1152.jpg 1536w, http:\/\/greenseas.fr\/wp-content\/uploads\/2025\/07\/char-voile-plestin-algues-vertes-2048x1536.jpg 2048w\" sizes=\"auto, (max-width: 1024px) 100vw, 1024px\" \/><\/figure>\n\n\n\n<p>Photo prise sur la plage de Plestin les Gr\u00e8ves, le 9 mai 2025. En arri\u00e8re plan, un \u00e9chouage d&rsquo;algues vertes<\/p>\n\n\n\n<p class=\"has-text-align-left has-black-color has-text-color has-link-color wp-elements-5e008e800938a1ab30d4d90bc9f706b0\" style=\"font-size:14px\"><strong>Cela influence la mani\u00e8re dont les individus pratiquent, per\u00e7oivent et construisent socialement et symboliquement l\u2019espace littoral.<br><\/strong>En fonction de la position socio-spatiale des individus, l\u2019enqu\u00eate met en \u00e9vidence que les pratiquants de sports terrestres en bord de mer (randonn\u00e9e notamment) t\u00e9moignent d\u2019une prise de recul aussi bien sociale que spatiale vis-\u00e0-vis des ph\u00e9nom\u00e8nes d\u2019eutrophisation, et montrent une certaine capacit\u00e9 d\u2019objectivation critique de leurs origines. \u00c0 l\u2019inverse, plus l\u2019individu est au contact direct des mar\u00e9es vertes (pratiques immerg\u00e9es comme le surf ou le kitesurf), plus son discours sera nuanc\u00e9, teint\u00e9 de contradictions, en proie aux nombreux enjeux territoriaux. Parfois m\u00eame, les individus les plus expos\u00e9s et les plus d\u00e9pendants de l\u2019espace de pratique (professionnels du nautisme) ont tendance \u00e0 minimiser l\u2019eutrophisation, en mobilisant des registres comme l\u2019historicisation, l&rsquo;accommodation, la naturalisation ou encore la d\u00e9localisation, en reportant par exemple la probl\u00e9matique vers d\u2019autres espaces alentours, et en stigmatisant les plus touch\u00e9s.<\/p>\n\n\n\n<p class=\"has-text-align-left has-black-color has-text-color has-link-color wp-elements-291acb4ad206cf07dae533fbc48ab6e9\" style=\"font-size:14px\">En ce sens, la notion de position socio-spatiale, en ce qu\u2019elle permet une approche multiscalaire (g\u00e9ographique, socio-professionnelle, socio-culturelle), appara\u00eet la plus pertinente pour comprendre la perception de l\u2019eutrophisation. Au contact prolong\u00e9 de l\u2019eutrophisation, les individus historicisent leurs r\u00e9cits. Les discours peuvent \u00eatre d\u00e9nonciateurs et accusateurs, ou n\u00e9gationnistes et associ\u00e9s au d\u00e9ni. Certains \u00e9voquent la pr\u00e9sence historique des algues vertes pour justifier leur naturalit\u00e9. L\u2019accommodation \u00e0 l\u2019eutrophisation est souvent pr\u00e9sente chez les pratiquants d\u2019activit\u00e9s nautiques qui se disent attach\u00e9s \u00e0 leur lieu de pratique et qui continuent de le fr\u00e9quenter par habitude. Malgr\u00e9 leur rejet des mar\u00e9es vertes, les pratiquants s\u2019en accommodent par fid\u00e9lit\u00e9 \u00e0 leur activit\u00e9, et adoptent leur propre gestion du risque.<\/p>\n\n\n\n<p class=\"has-text-align-left has-black-color has-text-color has-link-color wp-elements-f75170716183256e4756fdb3e530f269\" style=\"font-size:14px\"><strong>En Bretagne, o\u00f9 l\u2019image du littoral est id\u00e9alis\u00e9e, les qualit\u00e9s r\u00e9cr\u00e9atives et paysag\u00e8res priment sur les risques li\u00e9s \u00e0 l\u2019eutrophisation.<br><\/strong>Ainsi, les perceptions varient selon l\u2019activit\u00e9, le mat\u00e9riel utilis\u00e9 et la d\u00e9pendance \u00e0 la pratique. La sensibilisation diff\u00e8re entre les sports ayant un contact direct avec l\u2019eau (surf, longe-c\u00f4te) et ceux o\u00f9 les pratiquants sont plus \u00e9loign\u00e9s de celle-ci (voile). Les sports les plus immerg\u00e9s, per\u00e7us comme les plus impact\u00e9s, sont aussi ceux dont les pratiquants montrent la plus grande accommodation. Ces sports rel\u00e8vent moins d\u2019une conscience \u00e9cologique que d\u2019une logique naturaliste, centr\u00e9e sur la pratique<\/p>\n\n\n\n<p class=\"has-black-color has-text-color has-link-color wp-elements-d53821669e28f95b09dfc8d68877944f\" style=\"font-size:14px\"><strong>Cette enqu\u00eate a \u00e9t\u00e9 men\u00e9e dans le cadre du stage de M1 de Manu Fonl\u00e9no, encadr\u00e9 par Camille Gontier. <\/strong><\/p>\n\n\n\n<div data-wp-interactive=\"core\/file\" class=\"wp-block-file\"><object data-wp-bind--hidden=\"!state.hasPdfPreview\" hidden class=\"wp-block-file__embed\" data=\"http:\/\/greenseas.fr\/wp-content\/uploads\/2025\/07\/M1_EGEL_2025_FONLENO-Manu_RAPPORT_V2.pdf\" type=\"application\/pdf\" style=\"width:100%;height:600px\" aria-label=\"Contenu embarqu\u00e9 M1_EGEL_2025_FONLENO-Manu_RAPPORT_V2.\"><\/object><a id=\"wp-block-file--media-25820ad9-93b6-401c-9d1c-68ed87a56500\" href=\"http:\/\/greenseas.fr\/wp-content\/uploads\/2025\/07\/M1_EGEL_2025_FONLENO-Manu_RAPPORT_V2.pdf\">M1_EGEL_2025_FONLENO-Manu_RAPPORT_V2<\/a><a href=\"http:\/\/greenseas.fr\/wp-content\/uploads\/2025\/07\/M1_EGEL_2025_FONLENO-Manu_RAPPORT_V2.pdf\" class=\"wp-block-file__button wp-element-button\" download aria-describedby=\"wp-block-file--media-25820ad9-93b6-401c-9d1c-68ed87a56500\">T\u00e9l\u00e9charger<\/a><\/div>\n","protected":false},"excerpt":{"rendered":"<p>Afin de r\u00e9pondre \u00e0 l\u2019enqu\u00eate qualitative \u00ab Questionner les pratiques et les r\u00e9cits des usagers du littoral s\u2019adonnant \u00e0 une activit\u00e9 physique, sportive ou r\u00e9cr\u00e9ative dans des espaces atteints par l\u2019eutrophisation \u00bb, 36 observations de terrain ont eu lieu sur les sites de la Lieue de Gr\u00e8ve, de Guiss\u00e9ny, de Brest, de Douarnenez et de [&hellip;]<\/p>\n","protected":false},"author":28,"featured_media":777,"comment_status":"closed","ping_status":"open","sticky":false,"template":"","format":"standard","meta":{"_acf_changed":false,"footnotes":""},"categories":[22,23,16,19],"tags":[],"class_list":["post-872","post","type-post","status-publish","format-standard","has-post-thumbnail","hentry","category-douarnenez","category-echelle-regionale","category-stages-realises","category-volet-1"],"acf":[],"_links":{"self":[{"href":"http:\/\/greenseas.fr\/index.php\/wp-json\/wp\/v2\/posts\/872","targetHints":{"allow":["GET"]}}],"collection":[{"href":"http:\/\/greenseas.fr\/index.php\/wp-json\/wp\/v2\/posts"}],"about":[{"href":"http:\/\/greenseas.fr\/index.php\/wp-json\/wp\/v2\/types\/post"}],"author":[{"embeddable":true,"href":"http:\/\/greenseas.fr\/index.php\/wp-json\/wp\/v2\/users\/28"}],"replies":[{"embeddable":true,"href":"http:\/\/greenseas.fr\/index.php\/wp-json\/wp\/v2\/comments?post=872"}],"version-history":[{"count":4,"href":"http:\/\/greenseas.fr\/index.php\/wp-json\/wp\/v2\/posts\/872\/revisions"}],"predecessor-version":[{"id":927,"href":"http:\/\/greenseas.fr\/index.php\/wp-json\/wp\/v2\/posts\/872\/revisions\/927"}],"wp:featuredmedia":[{"embeddable":true,"href":"http:\/\/greenseas.fr\/index.php\/wp-json\/wp\/v2\/media\/777"}],"wp:attachment":[{"href":"http:\/\/greenseas.fr\/index.php\/wp-json\/wp\/v2\/media?parent=872"}],"wp:term":[{"taxonomy":"category","embeddable":true,"href":"http:\/\/greenseas.fr\/index.php\/wp-json\/wp\/v2\/categories?post=872"},{"taxonomy":"post_tag","embeddable":true,"href":"http:\/\/greenseas.fr\/index.php\/wp-json\/wp\/v2\/tags?post=872"}],"curies":[{"name":"wp","href":"https:\/\/api.w.org\/{rel}","templated":true}]}}