{"id":922,"date":"2025-10-24T13:49:17","date_gmt":"2025-10-24T11:49:17","guid":{"rendered":"http:\/\/greenseas.fr\/?p=922"},"modified":"2025-11-24T12:41:34","modified_gmt":"2025-11-24T11:41:34","slug":"video-rendez-vous-greenseas-2-les-marees-vertes-sont-elles-un-probleme-environnemental-contemporain-comme-un-autre","status":"publish","type":"post","link":"http:\/\/greenseas.fr\/index.php\/2025\/10\/24\/video-rendez-vous-greenseas-2-les-marees-vertes-sont-elles-un-probleme-environnemental-contemporain-comme-un-autre\/","title":{"rendered":"[Vid\u00e9o] Rendez-vous GreenSeas #2 \u2013 Les mar\u00e9es vertes sont-elles un probl\u00e8me environnemental contemporain comme un autre\u00a0?"},"content":{"rendered":"\n<p class=\"has-black-color has-text-color has-link-color wp-elements-2bfbd86b8548dda6b01828aa572e7b7a\" style=\"font-size:14px\">L\u2019\u00e9quipe du projet recherche ANR&nbsp;<a href=\"http:\/\/greenseas.fr\/\">GreenSeas<\/a>&nbsp;a eu&nbsp;le plaisir de&nbsp;<strong><u>vous inviter \u00e0 la deuxi\u00e8me session des&nbsp;<em>Rendez-vous GreenSeas<\/em><\/u><\/strong>.<\/p>\n\n\n\n<p class=\"has-black-color has-text-color has-link-color wp-elements-8c513c1962460d51b0714993a0197a16\" style=\"font-size:14px\">Cette s\u00e9rie de webinaires est l\u2019occasion d\u2019inviter des sp\u00e9cialistes \u00e0 venir pr\u00e9senter leurs travaux en lien avec des th\u00e9matiques de recherche centrales pour les \u00e9quipes du projet.<\/p>\n\n\n\n<p class=\"has-text-color has-link-color has-large-font-size wp-elements-85a8b10eaaf8a20793c3652e73da07f8\" style=\"color:#144c79\">Les mar\u00e9es vertes sont-elles un probl\u00e8me environnemental contemporain comme un autre&nbsp;?<\/p>\n\n\n\n<p class=\"has-text-color has-link-color has-medium-font-size wp-elements-daf3395c40b6721ff9e1481370134755\" style=\"color:#229cb2\"><strong>Invit\u00e9 : Bernard Chevassus-au-Louis<\/strong>&nbsp;;&nbsp;<strong>Discussion : Alix Levain<\/strong><\/p>\n\n\n\n<p class=\"has-black-color has-text-color has-link-color wp-elements-48c104efcf57d20472d0736671f47ce0\" style=\"font-size:14px\"><strong>R\u00e9sum\u00e9 :<\/strong><\/p>\n\n\n\n<p class=\"has-black-color has-text-color has-link-color wp-elements-c1a9c94cb539cbe8f2c8d5704b9670da\" style=\"font-size:14px\">La densit\u00e9 des controverses qui les entourent, leur inscription territoriale tr\u00e8s marqu\u00e9e, la difficult\u00e9 \u00e0 en venir \u00e0 bout tendent \u00e0 accentuer le caract\u00e8re exceptionnel et sp\u00e9cifique des mar\u00e9es vertes. Et pourtant, l\u2019\u00e9tude de leur trajectoire en tant que probl\u00e8me public peut permettre de d\u00e9celer des traits communs avec un ensemble de \u00ab&nbsp;crises&nbsp;\u00bb environnementales qui s\u2019\u00e9ternisent. Du fait du degr\u00e9 croissant de sp\u00e9cialisation de la recherche scientifique, du fait \u00e9galement de la multiplicit\u00e9 des alertes environnementales, rares sont cependant les chercheur\u00b7es en mesure de mettre en perspective ces trajectoires et de les faire dialoguer entre elles. C\u2019est le cas de Bernard Chevassus-au-Louis, agr\u00e9g\u00e9 de sciences naturelles, docteur \u00e8s sciences, pr\u00e9sident de l\u2019association reconnue d\u2019utilit\u00e9 publique Humanit\u00e9 et Biodiversit\u00e9 et ancien membre du Conseil g\u00e9n\u00e9ral de l\u2019alimentation, de l\u2019agriculture et des espaces ruraux (CGAAER). C\u2019est en cette derni\u00e8re qualit\u00e9 qu\u2019il a eu l\u2019occasion d\u2019expertiser, au tournant des ann\u00e9es 2010, les connaissances produites sur les causes des ph\u00e9nom\u00e8nes de prolif\u00e9rations d\u2019algues vertes, et d\u2019en proposer un&nbsp;<a href=\"https:\/\/www.creseb.fr\/bilan-connaissances-scientifiques-causes-proliferation-macro-algues-vertes\/\">bilan<\/a>&nbsp;qui n\u2019a rien perdu de son acuit\u00e9.<\/p>\n\n\n\n<p class=\"has-black-color has-text-color has-link-color wp-elements-3ede84a00c8c7ee49897e84350073dca\" style=\"font-size:14px\">Au cours d\u2019une longue carri\u00e8re de chercheur ou de responsable d\u2019\u00e9quipe de recherche dans diverses organisations publiques (INRA, AFSSA devenue ANSES, CIRAD, MNHN), Bernard Chevassus-au-Louis a \u00e9t\u00e9 impliqu\u00e9 dans diverses crises au cours desquelles la science \u00e9tait interrog\u00e9e, mais aussi souvent contest\u00e9e, pour \u00e9clairer la soci\u00e9t\u00e9 ou la d\u00e9cision publique (vache folle, mar\u00e9es vertes, OGM, pesticides, \u00e9rosion de la biodiversit\u00e9, d\u00e9r\u00e8glements climatiques\u2026). Ces contestations ont pris des formes diverses, mais on peut aussi identifier dans cette diversit\u00e9 des \u00ab&nbsp;figures&nbsp;\u00bb ou des \u00ab&nbsp;registres&nbsp;\u00bb communs qu\u2019il propose de pr\u00e9senter, comme \u00e9tant des mat\u00e9riaux empiriques que les sciences sociales pourront \u00e9ventuellement mettre en forme et analyser.<\/p>\n\n\n\n<figure class=\"wp-block-video\"><video controls src=\"https:\/\/api.nakala.fr\/data\/10.34847\/nkl.d3bbobw5\/f4fc7ccecc031c7a03cf5b1927930e2d938675d5\"><\/video><\/figure>\n","protected":false},"excerpt":{"rendered":"<p>L\u2019\u00e9quipe du projet recherche ANR&nbsp;GreenSeas&nbsp;a eu&nbsp;le plaisir de&nbsp;vous inviter \u00e0 la deuxi\u00e8me session des&nbsp;Rendez-vous GreenSeas. Cette s\u00e9rie de webinaires est l\u2019occasion d\u2019inviter des sp\u00e9cialistes \u00e0 venir pr\u00e9senter leurs travaux en lien avec des th\u00e9matiques de recherche centrales pour les \u00e9quipes du projet. Les mar\u00e9es vertes sont-elles un probl\u00e8me environnemental contemporain comme un autre&nbsp;? Invit\u00e9 : [&hellip;]<\/p>\n","protected":false},"author":28,"featured_media":893,"comment_status":"closed","ping_status":"open","sticky":false,"template":"","format":"standard","meta":{"_acf_changed":false,"footnotes":""},"categories":[23,3,1,32,19],"tags":[],"class_list":["post-922","post","type-post","status-publish","format-standard","has-post-thumbnail","hentry","category-echelle-regionale","category-evenements","category-non-classe","category-rendez-vous-greenseas","category-volet-1"],"acf":[],"_links":{"self":[{"href":"http:\/\/greenseas.fr\/index.php\/wp-json\/wp\/v2\/posts\/922","targetHints":{"allow":["GET"]}}],"collection":[{"href":"http:\/\/greenseas.fr\/index.php\/wp-json\/wp\/v2\/posts"}],"about":[{"href":"http:\/\/greenseas.fr\/index.php\/wp-json\/wp\/v2\/types\/post"}],"author":[{"embeddable":true,"href":"http:\/\/greenseas.fr\/index.php\/wp-json\/wp\/v2\/users\/28"}],"replies":[{"embeddable":true,"href":"http:\/\/greenseas.fr\/index.php\/wp-json\/wp\/v2\/comments?post=922"}],"version-history":[{"count":4,"href":"http:\/\/greenseas.fr\/index.php\/wp-json\/wp\/v2\/posts\/922\/revisions"}],"predecessor-version":[{"id":941,"href":"http:\/\/greenseas.fr\/index.php\/wp-json\/wp\/v2\/posts\/922\/revisions\/941"}],"wp:featuredmedia":[{"embeddable":true,"href":"http:\/\/greenseas.fr\/index.php\/wp-json\/wp\/v2\/media\/893"}],"wp:attachment":[{"href":"http:\/\/greenseas.fr\/index.php\/wp-json\/wp\/v2\/media?parent=922"}],"wp:term":[{"taxonomy":"category","embeddable":true,"href":"http:\/\/greenseas.fr\/index.php\/wp-json\/wp\/v2\/categories?post=922"},{"taxonomy":"post_tag","embeddable":true,"href":"http:\/\/greenseas.fr\/index.php\/wp-json\/wp\/v2\/tags?post=922"}],"curies":[{"name":"wp","href":"https:\/\/api.w.org\/{rel}","templated":true}]}}